{"id":5849,"date":"2023-11-01T11:17:15","date_gmt":"2023-11-01T03:17:15","guid":{"rendered":"https:\/\/www.delirollforming.com\/2023\/10\/16th-blechexpo-7-to-10-november-2023-messe-stuttgart\/"},"modified":"2024-03-14T19:05:21","modified_gmt":"2024-03-15T02:05:21","slug":"16th-blechexpo-7-to-10-november-2023-messe-stuttgart","status":"publish","type":"post","link":"https:\/\/www.delirollforming.com\/es\/16th-blechexpo-7-to-10-november-2023-messe-stuttgart\/","title":{"rendered":"16\u00aa Blechexpo | Del 7 al 10 de noviembre de 2023 | Messe Stuttgart"},"content":{"rendered":"<p style=\"text-align: justify;\"><span style=\"font-family: arial, helvetica, sans-serif;\">16\u00aa edici\u00f3n de Blechexpo, Feria Internacional de Transformaci\u00f3n de la Chapa, el objetivo declarado de la asociaci\u00f3n ferial es presentar toda la cadena de procesos de transformaci\u00f3n de la chapa conformada en fr\u00edo y la tecnolog\u00eda de corte, uni\u00f3n y conexi\u00f3n t\u00e9rmica o mec\u00e1nica asociada.<\/span><\/p>\n<p style=\"text-align: justify;\"><span style=\"font-family: arial, helvetica, sans-serif; font-size: 14pt;\">Fecha: 07-10 de noviembre de 2023<\/span><\/p>\n<p style=\"text-align: justify;\"><span style=\"font-family: arial, helvetica, sans-serif; font-size: 14pt;\">Direcci\u00f3n: Landesmesse Stuttgart GmbH, Messepiazza 1, 70629 Stuttgart, Alemania.<\/span><\/p>\n<p style=\"text-align: justify;\"><span style=\"font-family: arial, helvetica, sans-serif; font-size: 14pt;\">Estamos en el pabell\u00f3n 5, stand 5216<\/span><\/p>\n<p style=\"text-align: justify;\"><span style=\"font-family: arial, helvetica, sans-serif; font-size: 14pt;\">Es la primera vez que participamos como expositores en la Blechexpo. Invitamos sinceramente a los clientes nuevos y antiguos a visitar nuestro stand. Estaremos encantados de conocerle.<\/span><\/p>\n\n\n<div class=\"wp-block-columns is-layout-flex wp-container-core-columns-is-layout-9d6595d7 wp-block-columns-is-layout-flex\">\n<div class=\"wp-block-column is-layout-flow wp-block-column-is-layout-flow\">\n<figure class=\"wp-block-image size-large is-resized\"><img loading=\"lazy\" decoding=\"async\" width=\"1024\" height=\"576\" src=\"https:\/\/www.delirollforming.com\/wp-content\/uploads\/2023\/10\/Deli-Blechexpo2023-1024x576.jpg\" alt=\"\" class=\"wp-image-4531\" style=\"aspect-ratio:1.7777777777777777;width:844px;height:auto\" srcset=\"https:\/\/www.delirollforming.com\/wp-content\/uploads\/2023\/10\/Deli-Blechexpo2023-1024x576.jpg 1024w, https:\/\/www.delirollforming.com\/wp-content\/uploads\/2023\/10\/Deli-Blechexpo2023-300x169.jpg 300w, https:\/\/www.delirollforming.com\/wp-content\/uploads\/2023\/10\/Deli-Blechexpo2023-768x432.jpg 768w, https:\/\/www.delirollforming.com\/wp-content\/uploads\/2023\/10\/Deli-Blechexpo2023-1536x864.jpg 1536w, https:\/\/www.delirollforming.com\/wp-content\/uploads\/2023\/10\/Deli-Blechexpo2023-2048x1152.jpg 2048w\" sizes=\"auto, (max-width: 1024px) 100vw, 1024px\" \/><\/figure>\n<\/div>\n<\/div>\n","protected":false},"excerpt":{"rendered":"<p>16\u00aa edici\u00f3n de Blechexpo, Feria Internacional de Transformaci\u00f3n de la Chapa, el objetivo declarado de la asociaci\u00f3n ferial es presentar toda la cadena de procesos de transformaci\u00f3n de la chapa conformada en fr\u00edo y la tecnolog\u00eda de corte, uni\u00f3n y conexi\u00f3n t\u00e9rmica o mec\u00e1nica asociada. Fecha: 07-10 de noviembre de 2023 Direcci\u00f3n: Landesmesse Stuttgart GmbH, [&hellip;]<\/p>\n","protected":false},"author":2,"featured_media":5581,"comment_status":"closed","ping_status":"closed","sticky":false,"template":"","format":"standard","meta":{"inline_featured_image":false,"_uag_custom_page_level_css":"","footnotes":""},"categories":[92],"tags":[],"class_list":["post-5849","post","type-post","status-publish","format-standard","has-post-thumbnail","hentry","category-news-es"],"uagb_featured_image_src":{"full":["https:\/\/www.delirollforming.com\/wp-content\/uploads\/2023\/11\/blog-\u5c01\u9762-1_\u526f\u672c-1.jpg",1200,675,false],"thumbnail":["https:\/\/www.delirollforming.com\/wp-content\/uploads\/2023\/11\/blog-\u5c01\u9762-1_\u526f\u672c-1-150x150.jpg",150,150,true],"medium":["https:\/\/www.delirollforming.com\/wp-content\/uploads\/2023\/11\/blog-\u5c01\u9762-1_\u526f\u672c-1-300x169.jpg",300,169,true],"medium_large":["https:\/\/www.delirollforming.com\/wp-content\/uploads\/2023\/11\/blog-\u5c01\u9762-1_\u526f\u672c-1-768x432.jpg",768,432,true],"large":["https:\/\/www.delirollforming.com\/wp-content\/uploads\/2023\/11\/blog-\u5c01\u9762-1_\u526f\u672c-1-1024x576.jpg",1024,576,true],"1536x1536":["https:\/\/www.delirollforming.com\/wp-content\/uploads\/2023\/11\/blog-\u5c01\u9762-1_\u526f\u672c-1.jpg",1200,675,false],"2048x2048":["https:\/\/www.delirollforming.com\/wp-content\/uploads\/2023\/11\/blog-\u5c01\u9762-1_\u526f\u672c-1.jpg",1200,675,false],"book-image":["https:\/\/www.delirollforming.com\/wp-content\/uploads\/2023\/11\/blog-\u5c01\u9762-1_\u526f\u672c-1-480x640.jpg",480,640,true]},"uagb_author_info":{"display_name":"deli","author_link":"https:\/\/www.delirollforming.com\/es\/author\/deli\/"},"uagb_comment_info":0,"uagb_excerpt":"16\u00aa edici\u00f3n de Blechexpo, Feria Internacional de Transformaci\u00f3n de la Chapa, el objetivo declarado de la asociaci\u00f3n ferial es presentar toda la cadena de procesos de transformaci\u00f3n de la chapa conformada en fr\u00edo y la tecnolog\u00eda de corte, uni\u00f3n y conexi\u00f3n t\u00e9rmica o mec\u00e1nica asociada. Fecha: 07-10 de noviembre de 2023 Direcci\u00f3n: Landesmesse Stuttgart GmbH,&hellip;","meta_box":[],"_links":{"self":[{"href":"https:\/\/www.delirollforming.com\/es\/wp-json\/wp\/v2\/posts\/5849","targetHints":{"allow":["GET"]}}],"collection":[{"href":"https:\/\/www.delirollforming.com\/es\/wp-json\/wp\/v2\/posts"}],"about":[{"href":"https:\/\/www.delirollforming.com\/es\/wp-json\/wp\/v2\/types\/post"}],"author":[{"embeddable":true,"href":"https:\/\/www.delirollforming.com\/es\/wp-json\/wp\/v2\/users\/2"}],"replies":[{"embeddable":true,"href":"https:\/\/www.delirollforming.com\/es\/wp-json\/wp\/v2\/comments?post=5849"}],"version-history":[{"count":1,"href":"https:\/\/www.delirollforming.com\/es\/wp-json\/wp\/v2\/posts\/5849\/revisions"}],"predecessor-version":[{"id":5885,"href":"https:\/\/www.delirollforming.com\/es\/wp-json\/wp\/v2\/posts\/5849\/revisions\/5885"}],"wp:featuredmedia":[{"embeddable":true,"href":"https:\/\/www.delirollforming.com\/es\/wp-json\/wp\/v2\/media\/5581"}],"wp:attachment":[{"href":"https:\/\/www.delirollforming.com\/es\/wp-json\/wp\/v2\/media?parent=5849"}],"wp:term":[{"taxonomy":"category","embeddable":true,"href":"https:\/\/www.delirollforming.com\/es\/wp-json\/wp\/v2\/categories?post=5849"},{"taxonomy":"post_tag","embeddable":true,"href":"https:\/\/www.delirollforming.com\/es\/wp-json\/wp\/v2\/tags?post=5849"}],"curies":[{"name":"wp","href":"https:\/\/api.w.org\/{rel}","templated":true}]}}